{"id":5528,"date":"2023-11-16T17:10:27","date_gmt":"2023-11-17T01:10:27","guid":{"rendered":"https:\/\/deepconnections.net\/?p=5528"},"modified":"2024-03-29T06:20:26","modified_gmt":"2024-03-29T13:20:26","slug":"cortical-visual-impairment","status":"publish","type":"post","link":"https:\/\/deepconnections.net\/ro_ro\/2023\/11\/16\/cortical-visual-impairment\/","title":{"rendered":"Deficien\u021ba vizual\u0103 cortical\u0103 (CVI) \u0219i encefalopatiile de dezvoltare \u0219i epileptice (DEE)"},"content":{"rendered":"<p class=\"wp-block-paragraph\">\u00cen acest webinar, ve\u021bi afla mai multe despre ce este Deficien\u021ba vizual\u0103 cortical\u0103 (CVI), cum arat\u0103 lucrurile pentru cineva cu CVI \u0219i cum s\u0103 gestiona\u021bi \u00eengrijirea \u0219i s\u0103 v\u0103 adapta\u021bi pentru persoana iubit\u0103 cu CVI. at\u00e2t din partea \u00eengrijitorilor c\u00e2t \u0219i a unui profesor al deficien\u021bilor de vedere \u00een epilepsiile rare. <\/p>\n\n\n\n<p class=\"wp-block-paragraph\">Ve\u021bi auzi ce este CVI, ce \u00eenseamn\u0103 pentru copilul dumneavoastr\u0103, cum s\u0103 ob\u021bine\u021bi tipul potrivit de terapie \u0219i s\u0103 v\u0103 adapta\u021bi casa\/via\u021ba. <\/p>\n\n\n\n<p class=\"wp-block-paragraph\">Oaspe\u021bii no\u0219tri sunt Stephanie Kung \u0219i Becky Hommer, mam\u0103 rara cu epilepsie\/DEE, profesor pentru persoanele cu deficien\u021be de vedere la Connections Beyond Sight and Sound din Maryland.<\/p>\n\n\n\n<figure class=\"wp-block-embed is-type-video is-provider-youtube wp-block-embed-youtube wp-embed-aspect-4-3 wp-has-aspect-ratio\"><div class=\"wp-block-embed__wrapper\">\n<iframe title=\"DEE-P: Deficien\u021b\u0103 vizual\u0103 cortical\u0103 \u00een epilepsiile rare (DEE)\" width=\"500\" height=\"375\" src=\"https:\/\/www.youtube.com\/embed\/h4QLGNrwrCM?feature=oembed\" frameborder=\"0\" allow=\"accelerometer; autoplay; clipboard-write; encrypted-media; gyroscope; picture-in-picture; web-share\" referrerpolicy=\"strict-origin-when-cross-origin\" allowfullscreen><\/iframe>\n<\/div><\/figure>\n\n\n\n<p class=\"wp-block-paragraph\">Pentru a afla mai multe despre teme medicale, de \u00eengrijire \u0219i de sprijin sau de cercetare pentru familiile DEE, vizita\u021bi-ne <a href=\"https:\/\/deepconnections.net\/resource-center-main\/\">Centru de resurse<\/a>.<\/p>","protected":false},"excerpt":{"rendered":"<p>In this webinar, you will learn more about what Cortical Visual Impairment (CVI) is, what things looks like to someone with CVI and how to manage care and adapt for&hellip;<\/p>","protected":false},"author":8,"featured_media":5312,"comment_status":"open","ping_status":"open","sticky":false,"template":"","format":"standard","meta":{"_EventAllDay":false,"_EventTimezone":"","_EventStartDate":"","_EventEndDate":"","_EventStartDateUTC":"","_EventEndDateUTC":"","_EventShowMap":false,"_EventShowMapLink":false,"_EventURL":"","_EventCost":"","_EventCostDescription":"","_EventCurrencySymbol":"","_EventCurrencyCode":"","_EventCurrencyPosition":"","_EventDateTimeSeparator":"","_EventTimeRangeSeparator":"","_EventOrganizerID":[],"_EventVenueID":[],"_OrganizerEmail":"","_OrganizerPhone":"","_OrganizerWebsite":"","_VenueAddress":"","_VenueCity":"","_VenueCountry":"","_VenueProvince":"","_VenueState":"","_VenueZip":"","_VenuePhone":"","_VenueURL":"","_VenueStateProvince":"","_VenueLat":"","_VenueLng":"","_VenueShowMap":false,"_VenueShowMapLink":false,"footnotes":""},"categories":[1],"tags":[],"class_list":["post-5528","post","type-post","status-publish","format-standard","has-post-thumbnail","hentry","category-uncategorized"],"yoast_head":"<!-- This site is optimized with the Yoast SEO Premium plugin v27.1 (Yoast SEO v28.3) - https:\/\/yoast.com\/product\/yoast-seo-premium-wordpress\/ -->\n<title>Cortical Visual Impairment (CVI) and the Developmental and Epileptic Encephalopathies (DEEs) - DEE-P Information Resource Center<\/title>\n<meta name=\"description\" content=\"Cortical Visual Impairment (CVI) and the Developmental and Epileptic Encephalopathies (DEEs) - DEE-P Information Resource Center\" \/>\n<meta name=\"robots\" content=\"index, follow, max-snippet:-1, max-image-preview:large, max-video-preview:-1\" \/>\n<link rel=\"canonical\" href=\"https:\/\/deepconnections.net\/ro_ro\/2023\/11\/16\/cortical-visual-impairment\/\" \/>\n<meta property=\"og:locale\" content=\"ro_RO\" \/>\n<meta property=\"og:type\" content=\"article\" \/>\n<meta property=\"og:title\" content=\"Cortical Visual Impairment (CVI) and the Developmental and Epileptic Encephalopathies (DEEs)\" \/>\n<meta property=\"og:description\" content=\"In this webinar, you will learn more about what Cortical Visual Impairment (CVI) is, what things looks like to someone with CVI and how to manage care and\" \/>\n<meta property=\"og:url\" content=\"https:\/\/deepconnections.net\/ro_ro\/2023\/11\/16\/cortical-visual-impairment\/\" \/>\n<meta property=\"og:site_name\" content=\"DEE-P Information Resource Center\" \/>\n<meta property=\"article:publisher\" content=\"https:\/\/www.facebook.com\/DEEPConnectionsEpilepsy\" \/>\n<meta property=\"article:published_time\" content=\"2023-11-17T01:10:27+00:00\" \/>\n<meta property=\"article:modified_time\" content=\"2024-03-29T13:20:26+00:00\" \/>\n<meta property=\"og:image\" content=\"https:\/\/deepconnections.net\/wp-content\/uploads\/2023\/11\/Screen-Shot-2023-11-03-at-12.14.31-PM.png\" \/>\n\t<meta property=\"og:image:width\" content=\"530\" \/>\n\t<meta property=\"og:image:height\" content=\"348\" \/>\n\t<meta property=\"og:image:type\" content=\"image\/png\" \/>\n<meta name=\"author\" content=\"Charles\" \/>\n<meta name=\"twitter:card\" content=\"summary_large_image\" \/>\n<meta name=\"twitter:label1\" content=\"Scris de\" \/>\n\t<meta name=\"twitter:data1\" content=\"Charles\" \/>\n\t<meta name=\"twitter:label2\" content=\"Timp estimat pentru citire\" \/>\n\t<meta name=\"twitter:data2\" content=\"1 minut\" \/>\n<script type=\"application\/ld+json\" class=\"yoast-schema-graph\">{\"@context\":\"https:\\\/\\\/schema.org\",\"@graph\":[{\"@type\":\"Article\",\"@id\":\"https:\\\/\\\/deepconnections.net\\\/fr_ca\\\/2023\\\/11\\\/16\\\/cortical-visual-impairment\\\/#article\",\"isPartOf\":{\"@id\":\"https:\\\/\\\/deepconnections.net\\\/fr_ca\\\/2023\\\/11\\\/16\\\/cortical-visual-impairment\\\/\"},\"author\":{\"name\":\"Charles\",\"@id\":\"https:\\\/\\\/deepconnections.net\\\/#\\\/schema\\\/person\\\/94c5d33d7c8f9f9d12d657f619fd7bf0\"},\"headline\":\"Cortical Visual Impairment (CVI) and the Developmental and Epileptic Encephalopathies (DEEs)\",\"datePublished\":\"2023-11-17T01:10:27+00:00\",\"dateModified\":\"2024-03-29T13:20:26+00:00\",\"mainEntityOfPage\":{\"@id\":\"https:\\\/\\\/deepconnections.net\\\/fr_ca\\\/2023\\\/11\\\/16\\\/cortical-visual-impairment\\\/\"},\"wordCount\":133,\"commentCount\":0,\"publisher\":{\"@id\":\"https:\\\/\\\/deepconnections.net\\\/#organization\"},\"image\":{\"@id\":\"https:\\\/\\\/deepconnections.net\\\/fr_ca\\\/2023\\\/11\\\/16\\\/cortical-visual-impairment\\\/#primaryimage\"},\"thumbnailUrl\":\"https:\\\/\\\/deepconnections.net\\\/wp-content\\\/uploads\\\/2023\\\/11\\\/Screen-Shot-2023-11-03-at-12.14.31-PM.png\",\"articleSection\":[\"Uncategorized\"],\"inLanguage\":\"ro-RO\",\"potentialAction\":[{\"@type\":\"CommentAction\",\"name\":\"Comment\",\"target\":[\"https:\\\/\\\/deepconnections.net\\\/fr_ca\\\/2023\\\/11\\\/16\\\/cortical-visual-impairment\\\/#respond\"]}]},{\"@type\":\"WebPage\",\"@id\":\"https:\\\/\\\/deepconnections.net\\\/fr_ca\\\/2023\\\/11\\\/16\\\/cortical-visual-impairment\\\/\",\"url\":\"https:\\\/\\\/deepconnections.net\\\/fr_ca\\\/2023\\\/11\\\/16\\\/cortical-visual-impairment\\\/\",\"name\":\"Cortical Visual Impairment (CVI) and the Developmental and Epileptic Encephalopathies (DEEs) - DEE-P Information Resource Center\",\"isPartOf\":{\"@id\":\"https:\\\/\\\/deepconnections.net\\\/#website\"},\"primaryImageOfPage\":{\"@id\":\"https:\\\/\\\/deepconnections.net\\\/fr_ca\\\/2023\\\/11\\\/16\\\/cortical-visual-impairment\\\/#primaryimage\"},\"image\":{\"@id\":\"https:\\\/\\\/deepconnections.net\\\/fr_ca\\\/2023\\\/11\\\/16\\\/cortical-visual-impairment\\\/#primaryimage\"},\"thumbnailUrl\":\"https:\\\/\\\/deepconnections.net\\\/wp-content\\\/uploads\\\/2023\\\/11\\\/Screen-Shot-2023-11-03-at-12.14.31-PM.png\",\"datePublished\":\"2023-11-17T01:10:27+00:00\",\"dateModified\":\"2024-03-29T13:20:26+00:00\",\"description\":\"Cortical Visual Impairment (CVI) and the Developmental and Epileptic Encephalopathies (DEEs) - DEE-P Information Resource Center\",\"breadcrumb\":{\"@id\":\"https:\\\/\\\/deepconnections.net\\\/fr_ca\\\/2023\\\/11\\\/16\\\/cortical-visual-impairment\\\/#breadcrumb\"},\"inLanguage\":\"ro-RO\",\"potentialAction\":[{\"@type\":\"ReadAction\",\"target\":[\"https:\\\/\\\/deepconnections.net\\\/fr_ca\\\/2023\\\/11\\\/16\\\/cortical-visual-impairment\\\/\"]}]},{\"@type\":\"ImageObject\",\"inLanguage\":\"ro-RO\",\"@id\":\"https:\\\/\\\/deepconnections.net\\\/fr_ca\\\/2023\\\/11\\\/16\\\/cortical-visual-impairment\\\/#primaryimage\",\"url\":\"https:\\\/\\\/deepconnections.net\\\/wp-content\\\/uploads\\\/2023\\\/11\\\/Screen-Shot-2023-11-03-at-12.14.31-PM.png\",\"contentUrl\":\"https:\\\/\\\/deepconnections.net\\\/wp-content\\\/uploads\\\/2023\\\/11\\\/Screen-Shot-2023-11-03-at-12.14.31-PM.png\",\"width\":530,\"height\":348},{\"@type\":\"BreadcrumbList\",\"@id\":\"https:\\\/\\\/deepconnections.net\\\/fr_ca\\\/2023\\\/11\\\/16\\\/cortical-visual-impairment\\\/#breadcrumb\",\"itemListElement\":[{\"@type\":\"ListItem\",\"position\":1,\"name\":\"Home\",\"item\":\"https:\\\/\\\/deepconnections.net\\\/\"},{\"@type\":\"ListItem\",\"position\":2,\"name\":\"Cortical Visual Impairment (CVI) and the Developmental and Epileptic Encephalopathies (DEEs)\"}]},{\"@type\":\"WebSite\",\"@id\":\"https:\\\/\\\/deepconnections.net\\\/#website\",\"url\":\"https:\\\/\\\/deepconnections.net\\\/\",\"name\":\"DEE-P Connections\",\"description\":\"\",\"publisher\":{\"@id\":\"https:\\\/\\\/deepconnections.net\\\/#organization\"},\"potentialAction\":[{\"@type\":\"SearchAction\",\"target\":{\"@type\":\"EntryPoint\",\"urlTemplate\":\"https:\\\/\\\/deepconnections.net\\\/?s={search_term_string}\"},\"query-input\":{\"@type\":\"PropertyValueSpecification\",\"valueRequired\":true,\"valueName\":\"search_term_string\"}}],\"inLanguage\":\"ro-RO\"},{\"@type\":\"Organization\",\"@id\":\"https:\\\/\\\/deepconnections.net\\\/#organization\",\"name\":\"DEE-P Connections Information & Resource Center\",\"url\":\"https:\\\/\\\/deepconnections.net\\\/\",\"logo\":{\"@type\":\"ImageObject\",\"inLanguage\":\"ro-RO\",\"@id\":\"https:\\\/\\\/deepconnections.net\\\/#\\\/schema\\\/logo\\\/image\\\/\",\"url\":\"https:\\\/\\\/deepconnections.net\\\/wp-content\\\/uploads\\\/2024\\\/09\\\/dee-p_logo.png\",\"contentUrl\":\"https:\\\/\\\/deepconnections.net\\\/wp-content\\\/uploads\\\/2024\\\/09\\\/dee-p_logo.png\",\"width\":362,\"height\":116,\"caption\":\"DEE-P Connections Information & Resource Center\"},\"image\":{\"@id\":\"https:\\\/\\\/deepconnections.net\\\/#\\\/schema\\\/logo\\\/image\\\/\"},\"sameAs\":[\"https:\\\/\\\/www.facebook.com\\\/DEEPConnectionsEpilepsy\",\"https:\\\/\\\/www.instagram.com\\\/dee_pconnections\\\/\"]},{\"@type\":\"Person\",\"@id\":\"https:\\\/\\\/deepconnections.net\\\/#\\\/schema\\\/person\\\/94c5d33d7c8f9f9d12d657f619fd7bf0\",\"name\":\"Charles\",\"image\":{\"@type\":\"ImageObject\",\"inLanguage\":\"ro-RO\",\"@id\":\"https:\\\/\\\/secure.gravatar.com\\\/avatar\\\/04ae188089a326e2818fdeac9dcdf2d1d5c25662295647d74caee1cbad720267?s=96&d=mm&r=g\",\"url\":\"https:\\\/\\\/secure.gravatar.com\\\/avatar\\\/04ae188089a326e2818fdeac9dcdf2d1d5c25662295647d74caee1cbad720267?s=96&d=mm&r=g\",\"contentUrl\":\"https:\\\/\\\/secure.gravatar.com\\\/avatar\\\/04ae188089a326e2818fdeac9dcdf2d1d5c25662295647d74caee1cbad720267?s=96&d=mm&r=g\",\"caption\":\"Charles\"},\"url\":\"https:\\\/\\\/deepconnections.net\\\/ro_ro\\\/author\\\/charles\\\/\"}]}<\/script>\n<!-- \/ Yoast SEO Premium plugin. -->","yoast_head_json":{"title":"Deficien\u021ba vizual\u0103 cortical\u0103 (CVI) \u0219i encefalopatiile de dezvoltare \u0219i epileptice (DEE) - DEE-P Information Resource Center","description":"Deficien\u021ba vizual\u0103 cortical\u0103 (CVI) \u0219i encefalopatiile de dezvoltare \u0219i epileptice (DEE) - DEE-P Information Resource Center","robots":{"index":"index","follow":"follow","max-snippet":"max-snippet:-1","max-image-preview":"max-image-preview:large","max-video-preview":"max-video-preview:-1"},"canonical":"https:\/\/deepconnections.net\/ro_ro\/2023\/11\/16\/cortical-visual-impairment\/","og_locale":"ro_RO","og_type":"article","og_title":"Cortical Visual Impairment (CVI) and the Developmental and Epileptic Encephalopathies (DEEs)","og_description":"In this webinar, you will learn more about what Cortical Visual Impairment (CVI) is, what things looks like to someone with CVI and how to manage care and","og_url":"https:\/\/deepconnections.net\/ro_ro\/2023\/11\/16\/cortical-visual-impairment\/","og_site_name":"DEE-P Information Resource Center","article_publisher":"https:\/\/www.facebook.com\/DEEPConnectionsEpilepsy","article_published_time":"2023-11-17T01:10:27+00:00","article_modified_time":"2024-03-29T13:20:26+00:00","og_image":[{"width":530,"height":348,"url":"https:\/\/deepconnections.net\/wp-content\/uploads\/2023\/11\/Screen-Shot-2023-11-03-at-12.14.31-PM.png","type":"image\/png"}],"author":"Charles","twitter_card":"summary_large_image","twitter_misc":{"Scris de":"Charles","Timp estimat pentru citire":"1 minut"},"schema":{"@context":"https:\/\/schema.org","@graph":[{"@type":"Article","@id":"https:\/\/deepconnections.net\/fr_ca\/2023\/11\/16\/cortical-visual-impairment\/#article","isPartOf":{"@id":"https:\/\/deepconnections.net\/fr_ca\/2023\/11\/16\/cortical-visual-impairment\/"},"author":{"name":"Charles","@id":"https:\/\/deepconnections.net\/#\/schema\/person\/94c5d33d7c8f9f9d12d657f619fd7bf0"},"headline":"Cortical Visual Impairment (CVI) and the Developmental and Epileptic Encephalopathies (DEEs)","datePublished":"2023-11-17T01:10:27+00:00","dateModified":"2024-03-29T13:20:26+00:00","mainEntityOfPage":{"@id":"https:\/\/deepconnections.net\/fr_ca\/2023\/11\/16\/cortical-visual-impairment\/"},"wordCount":133,"commentCount":0,"publisher":{"@id":"https:\/\/deepconnections.net\/#organization"},"image":{"@id":"https:\/\/deepconnections.net\/fr_ca\/2023\/11\/16\/cortical-visual-impairment\/#primaryimage"},"thumbnailUrl":"https:\/\/deepconnections.net\/wp-content\/uploads\/2023\/11\/Screen-Shot-2023-11-03-at-12.14.31-PM.png","articleSection":["Uncategorized"],"inLanguage":"ro-RO","potentialAction":[{"@type":"CommentAction","name":"Comment","target":["https:\/\/deepconnections.net\/fr_ca\/2023\/11\/16\/cortical-visual-impairment\/#respond"]}]},{"@type":"WebPage","@id":"https:\/\/deepconnections.net\/fr_ca\/2023\/11\/16\/cortical-visual-impairment\/","url":"https:\/\/deepconnections.net\/fr_ca\/2023\/11\/16\/cortical-visual-impairment\/","name":"Deficien\u021ba vizual\u0103 cortical\u0103 (CVI) \u0219i encefalopatiile de dezvoltare \u0219i epileptice (DEE) - DEE-P Information Resource Center","isPartOf":{"@id":"https:\/\/deepconnections.net\/#website"},"primaryImageOfPage":{"@id":"https:\/\/deepconnections.net\/fr_ca\/2023\/11\/16\/cortical-visual-impairment\/#primaryimage"},"image":{"@id":"https:\/\/deepconnections.net\/fr_ca\/2023\/11\/16\/cortical-visual-impairment\/#primaryimage"},"thumbnailUrl":"https:\/\/deepconnections.net\/wp-content\/uploads\/2023\/11\/Screen-Shot-2023-11-03-at-12.14.31-PM.png","datePublished":"2023-11-17T01:10:27+00:00","dateModified":"2024-03-29T13:20:26+00:00","description":"Deficien\u021ba vizual\u0103 cortical\u0103 (CVI) \u0219i encefalopatiile de dezvoltare \u0219i epileptice (DEE) - DEE-P Information Resource Center","breadcrumb":{"@id":"https:\/\/deepconnections.net\/fr_ca\/2023\/11\/16\/cortical-visual-impairment\/#breadcrumb"},"inLanguage":"ro-RO","potentialAction":[{"@type":"ReadAction","target":["https:\/\/deepconnections.net\/fr_ca\/2023\/11\/16\/cortical-visual-impairment\/"]}]},{"@type":"ImageObject","inLanguage":"ro-RO","@id":"https:\/\/deepconnections.net\/fr_ca\/2023\/11\/16\/cortical-visual-impairment\/#primaryimage","url":"https:\/\/deepconnections.net\/wp-content\/uploads\/2023\/11\/Screen-Shot-2023-11-03-at-12.14.31-PM.png","contentUrl":"https:\/\/deepconnections.net\/wp-content\/uploads\/2023\/11\/Screen-Shot-2023-11-03-at-12.14.31-PM.png","width":530,"height":348},{"@type":"BreadcrumbList","@id":"https:\/\/deepconnections.net\/fr_ca\/2023\/11\/16\/cortical-visual-impairment\/#breadcrumb","itemListElement":[{"@type":"ListItem","position":1,"name":"Home","item":"https:\/\/deepconnections.net\/"},{"@type":"ListItem","position":2,"name":"Cortical Visual Impairment (CVI) and the Developmental and Epileptic Encephalopathies (DEEs)"}]},{"@type":"WebSite","@id":"https:\/\/deepconnections.net\/#website","url":"https:\/\/deepconnections.net\/","name":"DEE-P Connections","description":"","publisher":{"@id":"https:\/\/deepconnections.net\/#organization"},"potentialAction":[{"@type":"SearchAction","target":{"@type":"EntryPoint","urlTemplate":"https:\/\/deepconnections.net\/?s={search_term_string}"},"query-input":{"@type":"PropertyValueSpecification","valueRequired":true,"valueName":"search_term_string"}}],"inLanguage":"ro-RO"},{"@type":"Organization","@id":"https:\/\/deepconnections.net\/#organization","name":"DEE-P Connections Information & Resource Center","url":"https:\/\/deepconnections.net\/","logo":{"@type":"ImageObject","inLanguage":"ro-RO","@id":"https:\/\/deepconnections.net\/#\/schema\/logo\/image\/","url":"https:\/\/deepconnections.net\/wp-content\/uploads\/2024\/09\/dee-p_logo.png","contentUrl":"https:\/\/deepconnections.net\/wp-content\/uploads\/2024\/09\/dee-p_logo.png","width":362,"height":116,"caption":"DEE-P Connections Information & Resource Center"},"image":{"@id":"https:\/\/deepconnections.net\/#\/schema\/logo\/image\/"},"sameAs":["https:\/\/www.facebook.com\/DEEPConnectionsEpilepsy","https:\/\/www.instagram.com\/dee_pconnections\/"]},{"@type":"Person","@id":"https:\/\/deepconnections.net\/#\/schema\/person\/94c5d33d7c8f9f9d12d657f619fd7bf0","name":"Charles","image":{"@type":"ImageObject","inLanguage":"ro-RO","@id":"https:\/\/secure.gravatar.com\/avatar\/04ae188089a326e2818fdeac9dcdf2d1d5c25662295647d74caee1cbad720267?s=96&d=mm&r=g","url":"https:\/\/secure.gravatar.com\/avatar\/04ae188089a326e2818fdeac9dcdf2d1d5c25662295647d74caee1cbad720267?s=96&d=mm&r=g","contentUrl":"https:\/\/secure.gravatar.com\/avatar\/04ae188089a326e2818fdeac9dcdf2d1d5c25662295647d74caee1cbad720267?s=96&d=mm&r=g","caption":"Charles"},"url":"https:\/\/deepconnections.net\/ro_ro\/author\/charles\/"}]}},"_links":{"self":[{"href":"https:\/\/deepconnections.net\/ro_ro\/wp-json\/wp\/v2\/posts\/5528","targetHints":{"allow":["GET"]}}],"collection":[{"href":"https:\/\/deepconnections.net\/ro_ro\/wp-json\/wp\/v2\/posts"}],"about":[{"href":"https:\/\/deepconnections.net\/ro_ro\/wp-json\/wp\/v2\/types\/post"}],"author":[{"embeddable":true,"href":"https:\/\/deepconnections.net\/ro_ro\/wp-json\/wp\/v2\/users\/8"}],"replies":[{"embeddable":true,"href":"https:\/\/deepconnections.net\/ro_ro\/wp-json\/wp\/v2\/comments?post=5528"}],"version-history":[{"count":0,"href":"https:\/\/deepconnections.net\/ro_ro\/wp-json\/wp\/v2\/posts\/5528\/revisions"}],"wp:featuredmedia":[{"embeddable":true,"href":"https:\/\/deepconnections.net\/ro_ro\/wp-json\/wp\/v2\/media\/5312"}],"wp:attachment":[{"href":"https:\/\/deepconnections.net\/ro_ro\/wp-json\/wp\/v2\/media?parent=5528"}],"wp:term":[{"taxonomy":"category","embeddable":true,"href":"https:\/\/deepconnections.net\/ro_ro\/wp-json\/wp\/v2\/categories?post=5528"},{"taxonomy":"post_tag","embeddable":true,"href":"https:\/\/deepconnections.net\/ro_ro\/wp-json\/wp\/v2\/tags?post=5528"}],"curies":[{"name":"wp","href":"https:\/\/api.w.org\/{rel}","templated":true}]}}